{"id":776,"date":"2019-11-04T16:10:33","date_gmt":"2019-11-04T14:10:33","guid":{"rendered":"http:\/\/www.damgan-partage.fr\/gazette\/?p=776"},"modified":"2019-11-04T16:10:59","modified_gmt":"2019-11-04T14:10:59","slug":"animations-semaine-europeenne-de-la-reduction-des-dechets","status":"publish","type":"post","link":"https:\/\/www.damgan-partage.fr\/gazette\/index.php\/2019\/11\/04\/animations-semaine-europeenne-de-la-reduction-des-dechets\/","title":{"rendered":"Animations : semaine europ\u00e9enne de la r\u00e9duction des d\u00e9chets"},"content":{"rendered":"<p>Dans le cadre de la semaine europ\u00e9enne de r\u00e9duction des d\u00e9chets qui a lieu <strong>du samedi 16 au dimanche 24 novembre<\/strong> de nombreuses animations sont propos\u00e9es dans notre r\u00e9gion.<\/p>\n<p>Fabriquer des meubles en bois de palette, apprendre la permaculture, \u00e0 r\u00e9parer, recycler, cuisiner sans gaspiller, les ateliers sont nombreux, un programme fourni et d\u00e9taill\u00e9 <a href=\"https:\/\/fr.calameo.com\/read\/00030463844cd9f64cfaf\">disponible en ligne ici<\/a>.<\/p>\n<p>Les rubriques du programme :<\/p>\n<ul>\n<li>ateliers \u00ab\u00a0R\u00e9cup et r\u00e9emploi\u00a0\u00bb\n<ul>\n<li>Mon meuble en palettes<\/li>\n<li>Sapin de no\u00ebl en bois de palettes<\/li>\n<li>Recycler ses tissus<\/li>\n<li>Nichoir en bois de palettes<\/li>\n<li>Mon meuble relook\u00e9<\/li>\n<\/ul>\n<\/li>\n<li>ateliers \u00ab\u00a0Cuisine anti gaspi\u00a0\u00bb\n<ul>\n<li>Cuisiner sans gaspiller<\/li>\n<li>Mes bocaux maison<\/li>\n<li>Un repas anti-gaspi<\/li>\n<li>Faire ses \u00ab\u00a0Beewrap\u00a0\u00bb<\/li>\n<\/ul>\n<\/li>\n<li>ateliers \u00ab\u00a0Au naturel\u00a0\u00bb\n<ul>\n<li>Ma peinture naturelle<\/li>\n<li>Mon b\u00e9b\u00e9 z\u00e9ro d\u00e9chet<\/li>\n<li>Mes produits m\u00e9nagers naturels<\/li>\n<li>Mes cosm\u00e9tiques naturels<\/li>\n<\/ul>\n<\/li>\n<li>ateliers \u00ab\u00a0Jardin\u00a0\u00bb\n<ul>\n<li>Mon jardin z\u00e9ro d\u00e9chet<\/li>\n<li>Broyage de v\u00e9g\u00e9taux<\/li>\n<li>Planche de culture en permaculture<\/li>\n<li>Mon projet de permaculture<\/li>\n<\/ul>\n<\/li>\n<li>ateliers \u00ab\u00a0R\u00e9parations\u00a0\u00bb\n<ul>\n<li>Repair caf\u00e9<\/li>\n<\/ul>\n<\/li>\n<li>Visites d&rsquo;installations\n<ul>\n<li>Le centre de tri de d\u00e9chets recyclables Venesys<\/li>\n<li>Visite d&rsquo;une d\u00e9chetterie<\/li>\n<li>Visite d&rsquo;une installation de stockage de d\u00e9chets non dangereux<\/li>\n<li>L&rsquo;\u00e9cop\u00f4le de la lande de Matz<\/li>\n<\/ul>\n<\/li>\n<li>\u00c9v\u00e8nements\n<ul>\n<li>Zone de gratuit\u00e9<\/li>\n<\/ul>\n<\/li>\n<li>Conf\u00e9rences\n<ul>\n<li>Qu&rsquo;est ce que la permaculture<\/li>\n<\/ul>\n<\/li>\n<li>Temps forts\n<ul>\n<li>Le village z\u00e9ro d\u00e9chet<\/li>\n<li>Journ\u00e9e festive<\/li>\n<\/ul>\n<\/li>\n<li>M\u00e9mo agenda de la semaine<a href=\"https:\/\/fr.calameo.com\/read\/00030463844cd9f64cfaf\"><img data-recalc-dims=\"1\" loading=\"lazy\" decoding=\"async\" class=\"alignleft wp-image-779 size-full\" src=\"https:\/\/i0.wp.com\/www.damgan-partage.fr\/gazette\/wp-content\/uploads\/2019\/11\/agenda.jpg?resize=700%2C534\" alt=\"\" width=\"700\" height=\"534\" srcset=\"https:\/\/i0.wp.com\/www.damgan-partage.fr\/gazette\/wp-content\/uploads\/2019\/11\/agenda.jpg?w=909&amp;ssl=1 909w, https:\/\/i0.wp.com\/www.damgan-partage.fr\/gazette\/wp-content\/uploads\/2019\/11\/agenda.jpg?resize=300%2C229&amp;ssl=1 300w, https:\/\/i0.wp.com\/www.damgan-partage.fr\/gazette\/wp-content\/uploads\/2019\/11\/agenda.jpg?resize=768%2C586&amp;ssl=1 768w\" sizes=\"auto, (max-width: 700px) 100vw, 700px\" \/><\/a><\/li>\n<\/ul>\n<p>Plus de d\u00e9tails sur le site http:\/\/www.sysem.fr\/<\/p>\n<p>Plaquette : https:\/\/fr.calameo.com\/read\/00030463844cd9f64cfaf<\/p>\n<p>&nbsp;<\/p>\n","protected":false},"excerpt":{"rendered":"<p>Dans le cadre de la semaine europ\u00e9enne de r\u00e9duction des d\u00e9chets qui a lieu du samedi 16 au dimanche 24 novembre de nombreuses animations sont propos\u00e9es dans notre r\u00e9gion. Fabriquer des meubles en bois de palette, apprendre la permaculture, \u00e0 r\u00e9parer, recycler, cuisiner sans gaspiller, les ateliers sont nombreux, un programme fourni et d\u00e9taill\u00e9 disponible [&hellip;]<\/p>\n","protected":false},"author":1,"featured_media":777,"comment_status":"open","ping_status":"open","sticky":false,"template":"","format":"standard","meta":{"jetpack_post_was_ever_published":false,"_jetpack_newsletter_access":"","_jetpack_dont_email_post_to_subs":false,"_jetpack_newsletter_tier_id":0,"_jetpack_memberships_contains_paywalled_content":false,"_jetpack_memberships_contains_paid_content":false,"footnotes":"","jetpack_publicize_message":"","jetpack_publicize_feature_enabled":true,"jetpack_social_post_already_shared":true,"jetpack_social_options":{"image_generator_settings":{"template":"highway","enabled":false},"version":2}},"categories":[38],"tags":[],"class_list":["post-776","post","type-post","status-publish","format-standard","has-post-thumbnail","hentry","category-animations"],"jetpack_publicize_connections":[],"jetpack_featured_media_url":"https:\/\/i0.wp.com\/www.damgan-partage.fr\/gazette\/wp-content\/uploads\/2019\/11\/semreddec.jpg?fit=865%2C868&ssl=1","jetpack_sharing_enabled":true,"jetpack_shortlink":"https:\/\/wp.me\/p6m2Pb-cw","_links":{"self":[{"href":"https:\/\/www.damgan-partage.fr\/gazette\/index.php\/wp-json\/wp\/v2\/posts\/776","targetHints":{"allow":["GET"]}}],"collection":[{"href":"https:\/\/www.damgan-partage.fr\/gazette\/index.php\/wp-json\/wp\/v2\/posts"}],"about":[{"href":"https:\/\/www.damgan-partage.fr\/gazette\/index.php\/wp-json\/wp\/v2\/types\/post"}],"author":[{"embeddable":true,"href":"https:\/\/www.damgan-partage.fr\/gazette\/index.php\/wp-json\/wp\/v2\/users\/1"}],"replies":[{"embeddable":true,"href":"https:\/\/www.damgan-partage.fr\/gazette\/index.php\/wp-json\/wp\/v2\/comments?post=776"}],"version-history":[{"count":4,"href":"https:\/\/www.damgan-partage.fr\/gazette\/index.php\/wp-json\/wp\/v2\/posts\/776\/revisions"}],"predecessor-version":[{"id":782,"href":"https:\/\/www.damgan-partage.fr\/gazette\/index.php\/wp-json\/wp\/v2\/posts\/776\/revisions\/782"}],"wp:featuredmedia":[{"embeddable":true,"href":"https:\/\/www.damgan-partage.fr\/gazette\/index.php\/wp-json\/wp\/v2\/media\/777"}],"wp:attachment":[{"href":"https:\/\/www.damgan-partage.fr\/gazette\/index.php\/wp-json\/wp\/v2\/media?parent=776"}],"wp:term":[{"taxonomy":"category","embeddable":true,"href":"https:\/\/www.damgan-partage.fr\/gazette\/index.php\/wp-json\/wp\/v2\/categories?post=776"},{"taxonomy":"post_tag","embeddable":true,"href":"https:\/\/www.damgan-partage.fr\/gazette\/index.php\/wp-json\/wp\/v2\/tags?post=776"}],"curies":[{"name":"wp","href":"https:\/\/api.w.org\/{rel}","templated":true}]}}