{"id":754,"date":"2019-08-11T18:31:02","date_gmt":"2019-08-11T16:31:02","guid":{"rendered":"http:\/\/www.damgan-partage.fr\/gazette\/?p=754"},"modified":"2019-08-11T18:32:01","modified_gmt":"2019-08-11T16:32:01","slug":"tornade-en-face-de-damgan","status":"publish","type":"post","link":"https:\/\/www.damgan-partage.fr\/gazette\/index.php\/2019\/08\/11\/tornade-en-face-de-damgan\/","title":{"rendered":"[video] Tornade en face de Damgan"},"content":{"rendered":"<p>Je ne sais pas s&rsquo;il faut appeler \u00e7a une tornade, ou une trombe marine. On a pu en apercevoir 2 vers 17h40 ce dimanche 11 ao\u00fbt 2019 dont une qui vu de Damgan est all\u00e9 de Mesquer \u00e0 Pennestin.<\/p>\n<p>&nbsp;<\/p>\n<p><iframe loading=\"lazy\" class=\"wp-embedded-content\" sandbox=\"allow-scripts\" security=\"restricted\" width=\"560\" height=\"315\" src=\"https:\/\/aperi.tube\/videos\/embed\/1e5c6841-dc95-4c92-8e36-531b155a03de#?secret=w65Ei5rTVw\" data-secret=\"w65Ei5rTVw\" frameborder=\"0\"><\/iframe><\/p>\n","protected":false},"excerpt":{"rendered":"<p>Je ne sais pas s&rsquo;il faut appeler \u00e7a une tornade, ou une trombe marine. On a pu en apercevoir 2 vers 17h40 ce dimanche 11 ao\u00fbt 2019 dont une qui vu de Damgan est all\u00e9 de Mesquer \u00e0 Pennestin. &nbsp;<\/p>\n","protected":false},"author":1,"featured_media":756,"comment_status":"open","ping_status":"open","sticky":false,"template":"","format":"standard","meta":{"jetpack_post_was_ever_published":false,"_jetpack_newsletter_access":"","_jetpack_dont_email_post_to_subs":false,"_jetpack_newsletter_tier_id":0,"_jetpack_memberships_contains_paywalled_content":false,"_jetpack_memberships_contains_paid_content":false,"footnotes":"","jetpack_publicize_message":"","jetpack_publicize_feature_enabled":true,"jetpack_social_post_already_shared":true,"jetpack_social_options":{"image_generator_settings":{"template":"highway","enabled":false},"version":2}},"categories":[43],"tags":[],"class_list":["post-754","post","type-post","status-publish","format-standard","has-post-thumbnail","hentry","category-vie-communale"],"jetpack_publicize_connections":[],"jetpack_featured_media_url":"https:\/\/i0.wp.com\/www.damgan-partage.fr\/gazette\/wp-content\/uploads\/2019\/08\/tornades.png?fit=1007%2C611&ssl=1","jetpack_sharing_enabled":true,"jetpack_shortlink":"https:\/\/wp.me\/p6m2Pb-ca","_links":{"self":[{"href":"https:\/\/www.damgan-partage.fr\/gazette\/index.php\/wp-json\/wp\/v2\/posts\/754","targetHints":{"allow":["GET"]}}],"collection":[{"href":"https:\/\/www.damgan-partage.fr\/gazette\/index.php\/wp-json\/wp\/v2\/posts"}],"about":[{"href":"https:\/\/www.damgan-partage.fr\/gazette\/index.php\/wp-json\/wp\/v2\/types\/post"}],"author":[{"embeddable":true,"href":"https:\/\/www.damgan-partage.fr\/gazette\/index.php\/wp-json\/wp\/v2\/users\/1"}],"replies":[{"embeddable":true,"href":"https:\/\/www.damgan-partage.fr\/gazette\/index.php\/wp-json\/wp\/v2\/comments?post=754"}],"version-history":[{"count":2,"href":"https:\/\/www.damgan-partage.fr\/gazette\/index.php\/wp-json\/wp\/v2\/posts\/754\/revisions"}],"predecessor-version":[{"id":757,"href":"https:\/\/www.damgan-partage.fr\/gazette\/index.php\/wp-json\/wp\/v2\/posts\/754\/revisions\/757"}],"wp:featuredmedia":[{"embeddable":true,"href":"https:\/\/www.damgan-partage.fr\/gazette\/index.php\/wp-json\/wp\/v2\/media\/756"}],"wp:attachment":[{"href":"https:\/\/www.damgan-partage.fr\/gazette\/index.php\/wp-json\/wp\/v2\/media?parent=754"}],"wp:term":[{"taxonomy":"category","embeddable":true,"href":"https:\/\/www.damgan-partage.fr\/gazette\/index.php\/wp-json\/wp\/v2\/categories?post=754"},{"taxonomy":"post_tag","embeddable":true,"href":"https:\/\/www.damgan-partage.fr\/gazette\/index.php\/wp-json\/wp\/v2\/tags?post=754"}],"curies":[{"name":"wp","href":"https:\/\/api.w.org\/{rel}","templated":true}]}}