{"id":734,"date":"2019-07-23T16:52:34","date_gmt":"2019-07-23T14:52:34","guid":{"rendered":"http:\/\/www.damgan-partage.fr\/gazette\/?p=734"},"modified":"2019-07-23T16:56:04","modified_gmt":"2019-07-23T14:56:04","slug":"hommage-a-notre-ami-rene","status":"publish","type":"post","link":"https:\/\/www.damgan-partage.fr\/gazette\/index.php\/2019\/07\/23\/hommage-a-notre-ami-rene\/","title":{"rendered":"Hommage \u00e0 notre ami Ren\u00e9"},"content":{"rendered":"<p>J\u2019ai connu Ren\u00e9 en 2008 alors qu\u2019il \u00e9tait d\u00e9j\u00e0 impliqu\u00e9 dans la vie locale de Damgan. D\u00e8s cette ann\u00e9e-l\u00e0, il a \u00e9t\u00e9 un des fondateurs et piliers de Damgan Autrement, membre du CA et tr\u00e9sorier, puis adh\u00e9rent jusqu\u2019\u00e0 la dissolution.<\/p>\n<p>Ren\u00e9 c\u2019\u00e9tait d\u2019abord un attachement visc\u00e9ral au service public, \u00e0 l\u2019int\u00e9r\u00eat g\u00e9n\u00e9ral, aux biens communs; il ne supportait aucun \u00ab arrangement \u00bb avec la loi, aucun \u00e9cart.<\/p>\n<p>Il avait \u00e9t\u00e9 syndicaliste et donc connaissait le fonctionnement des associations. Je me souviens qu\u2019il s\u2019\u00e9tait charg\u00e9 notamment d\u2019organiser les tourn\u00e9es de \u00ab facteurs \u00bb de Damgan Autrement, rue par rue, trottoir par trottoir, et qu\u2019il \u00e9tait toujours volontaire pour distribuer les publications dans les bo\u00eetes aux lettres.<\/p>\n<p>Pendant des mois, et m\u00eame plusieurs ann\u00e9es, chaque jour Ren\u00e9 \u00e9laborait une revue de presse, r\u00e9gionale, nationale, sur des sujets de son choix et qu\u2019il diffusait aux adh\u00e9rents. C\u2019\u00e9tait un vrai bonheur de d\u00e9couvrir ses p\u00e9pites qu\u2019il allait chercher sur internet. Comme il se se levait tr\u00e8s t\u00f4t, il y consacrait beaucoup de temps et d\u2019\u00e9nergie, et savait attirer notre attention sur une \u00e9mission de France Culture, un dossier de la Croix, un \u00e9dito de Ouest France, ou un entrefilet sur la vie locale . Ayant eu l\u2019occasion de travailler sur des revues de presse \u00e9labor\u00e9es par des documentalistes professionnels, je peux dire que celles ne Ren\u00e9 \u00e9taient \u00e0 ce niveau.<\/p>\n<p><a href=\"https:\/\/i0.wp.com\/www.damgan-partage.fr\/gazette\/wp-content\/uploads\/2019\/07\/rene%CC%81-avec-son-e%CC%81pouse-MT.png\"><img data-recalc-dims=\"1\" loading=\"lazy\" decoding=\"async\" class=\"alignright size-full wp-image-735\" src=\"https:\/\/i0.wp.com\/www.damgan-partage.fr\/gazette\/wp-content\/uploads\/2019\/07\/rene%CC%81-avec-son-e%CC%81pouse-MT.png?resize=323%2C640\" alt=\"\" width=\"323\" height=\"640\" srcset=\"https:\/\/i0.wp.com\/www.damgan-partage.fr\/gazette\/wp-content\/uploads\/2019\/07\/rene%CC%81-avec-son-e%CC%81pouse-MT.png?w=323&amp;ssl=1 323w, https:\/\/i0.wp.com\/www.damgan-partage.fr\/gazette\/wp-content\/uploads\/2019\/07\/rene%CC%81-avec-son-e%CC%81pouse-MT.png?resize=151%2C300&amp;ssl=1 151w\" sizes=\"auto, (max-width: 323px) 100vw, 323px\" \/><\/a>Ren\u00e9 \u00e9tait un homme de convictions, mais tr\u00e8s ouvert ; il savait \u00e9couter les arguments des autres,<br \/>\ndialoguer, il aimait apprendre.<\/p>\n<p>Il croyait beaucoup aux vertus de la d\u00e9mocratie locale, qui permet aux citoyens de donner directement leur avis, de formuler des souhaits, de communiquer avec les \u00e9lus. Et ne manquait pas une occasion pour sugg\u00e9rer d\u2019organiser une r\u00e9union publique, un questionnaire, et d\u2019interpeler les \u00e9lus sur tel ou tel sujet.<\/p>\n<p>Ren\u00e9 \u00e9tait curieux de tout : les probl\u00e9matiques de la sant\u00e9, de l\u2019environnement, mais aussi la po\u00e9sie, la litt\u00e9rature, la musique et sans doute bien d\u2019autres sujets. Il s\u2019\u00e9tait engag\u00e9 dans le Grain de Mil une association locale qui soutient des projets humanitaires en Afrique notamment. Il avait aussi donn\u00e9 son temps pour du soutien scolaire.<\/p>\n<p>Il a aussi \u00e9t\u00e9 un des premiers adh\u00e9rents de l\u2019Universit\u00e9 populaire du num\u00e9rique de Damgan et participait \u00e0 ses ateliers et aux \u00ab troquets num\u00e9riques \u00bb.<\/p>\n<p>Je sais aussi qu\u2019il \u00e9tait passionn\u00e9 de jardin, et j\u2019ai eu la chance de pouvoir appr\u00e9cier plusieurs fois les l\u00e9gumes qu\u2019il cultivait avec passion.<\/p>\n<p>Je n\u2019\u00e9tais pas intime avec lui, mais je suis certain qu\u2019il \u00e9tait un excellent grand-p\u00e8re, qu\u2019il aimait partager ses connaissances avec ses petits enfants.<\/p>\n<p>Ren\u00e9 nous a quitt\u00e9s subitement dimanche dernier. Il laisse dans la peine son \u00e9pouse Marie Th\u00e9r\u00e8se, ses enfants et ses petits enfants \u00e0 qui nous pensons.<\/p>\n<p>Ren\u00e9, tu nous manques d\u00e9j\u00e0.<\/p>\n<p style=\"text-align: right;\">Pierre Bleiberg<\/p>\n","protected":false},"excerpt":{"rendered":"<p>J\u2019ai connu Ren\u00e9 en 2008 alors qu\u2019il \u00e9tait d\u00e9j\u00e0 impliqu\u00e9 dans la vie locale de Damgan. D\u00e8s cette ann\u00e9e-l\u00e0, il a \u00e9t\u00e9 un des fondateurs et piliers de Damgan Autrement, membre du CA et tr\u00e9sorier, puis adh\u00e9rent jusqu\u2019\u00e0 la dissolution. Ren\u00e9 c\u2019\u00e9tait d\u2019abord un attachement visc\u00e9ral au service public, \u00e0 l\u2019int\u00e9r\u00eat g\u00e9n\u00e9ral, aux biens communs; [&hellip;]<\/p>\n","protected":false},"author":6,"featured_media":736,"comment_status":"open","ping_status":"open","sticky":false,"template":"","format":"standard","meta":{"jetpack_post_was_ever_published":false,"_jetpack_newsletter_access":"","_jetpack_dont_email_post_to_subs":false,"_jetpack_newsletter_tier_id":0,"_jetpack_memberships_contains_paywalled_content":false,"_jetpack_memberships_contains_paid_content":false,"footnotes":"","jetpack_publicize_message":"","jetpack_publicize_feature_enabled":true,"jetpack_social_post_already_shared":true,"jetpack_social_options":{"image_generator_settings":{"template":"highway","enabled":false},"version":2}},"categories":[43],"tags":[76],"class_list":["post-734","post","type-post","status-publish","format-standard","has-post-thumbnail","hentry","category-vie-communale","tag-rene-bihen"],"jetpack_publicize_connections":[],"jetpack_featured_media_url":"https:\/\/i0.wp.com\/www.damgan-partage.fr\/gazette\/wp-content\/uploads\/2019\/07\/rene%CC%81-e1563893399884.png?fit=363%2C342&ssl=1","jetpack_sharing_enabled":true,"jetpack_shortlink":"https:\/\/wp.me\/p6m2Pb-bQ","_links":{"self":[{"href":"https:\/\/www.damgan-partage.fr\/gazette\/index.php\/wp-json\/wp\/v2\/posts\/734","targetHints":{"allow":["GET"]}}],"collection":[{"href":"https:\/\/www.damgan-partage.fr\/gazette\/index.php\/wp-json\/wp\/v2\/posts"}],"about":[{"href":"https:\/\/www.damgan-partage.fr\/gazette\/index.php\/wp-json\/wp\/v2\/types\/post"}],"author":[{"embeddable":true,"href":"https:\/\/www.damgan-partage.fr\/gazette\/index.php\/wp-json\/wp\/v2\/users\/6"}],"replies":[{"embeddable":true,"href":"https:\/\/www.damgan-partage.fr\/gazette\/index.php\/wp-json\/wp\/v2\/comments?post=734"}],"version-history":[{"count":2,"href":"https:\/\/www.damgan-partage.fr\/gazette\/index.php\/wp-json\/wp\/v2\/posts\/734\/revisions"}],"predecessor-version":[{"id":738,"href":"https:\/\/www.damgan-partage.fr\/gazette\/index.php\/wp-json\/wp\/v2\/posts\/734\/revisions\/738"}],"wp:featuredmedia":[{"embeddable":true,"href":"https:\/\/www.damgan-partage.fr\/gazette\/index.php\/wp-json\/wp\/v2\/media\/736"}],"wp:attachment":[{"href":"https:\/\/www.damgan-partage.fr\/gazette\/index.php\/wp-json\/wp\/v2\/media?parent=734"}],"wp:term":[{"taxonomy":"category","embeddable":true,"href":"https:\/\/www.damgan-partage.fr\/gazette\/index.php\/wp-json\/wp\/v2\/categories?post=734"},{"taxonomy":"post_tag","embeddable":true,"href":"https:\/\/www.damgan-partage.fr\/gazette\/index.php\/wp-json\/wp\/v2\/tags?post=734"}],"curies":[{"name":"wp","href":"https:\/\/api.w.org\/{rel}","templated":true}]}}