{"id":707,"date":"2019-03-12T20:22:07","date_gmt":"2019-03-12T18:22:07","guid":{"rendered":"http:\/\/www.damgan-partage.fr\/gazette\/?p=707"},"modified":"2019-03-12T20:22:07","modified_gmt":"2019-03-12T18:22:07","slug":"grand-debat-national-synthese-de-la-reunion-citoyenne-du-23-fevrier-2019-a-damgan","status":"publish","type":"post","link":"https:\/\/www.damgan-partage.fr\/gazette\/index.php\/2019\/03\/12\/grand-debat-national-synthese-de-la-reunion-citoyenne-du-23-fevrier-2019-a-damgan\/","title":{"rendered":"Grand D\u00e9bat National : synth\u00e8se de la r\u00e9union citoyenne du 23 f\u00e9vrier 2019 \u00e0 Damgan"},"content":{"rendered":"<p>Merci \u00e0 Jean-Louis Moreau qui nous a fait parvenir le compte rendu de la r\u00e9union citoyenne qui a eu lieu \u00e0 la salle de la Rotonde le 23 f\u00e9vrier dernier dans le cadre du Grand D\u00e9bat National.<\/p>\n<p>Bonne lecture : <a href=\"http:\/\/www.damgan-partage.fr\/gazette\/wp-content\/uploads\/2019\/03\/reu-cit-damgan.pdf\">t\u00e9l\u00e9charger le compte rendu r\u00e9union citoyenne<\/a> (PDF).<\/p>\n","protected":false},"excerpt":{"rendered":"<p>Merci \u00e0 Jean-Louis Moreau qui nous a fait parvenir le compte rendu de la r\u00e9union citoyenne qui a eu lieu \u00e0 la salle de la Rotonde le 23 f\u00e9vrier dernier dans le cadre du Grand D\u00e9bat National. Bonne lecture : t\u00e9l\u00e9charger le compte rendu r\u00e9union citoyenne (PDF).<\/p>\n","protected":false},"author":1,"featured_media":709,"comment_status":"open","ping_status":"open","sticky":false,"template":"","format":"standard","meta":{"jetpack_post_was_ever_published":false,"_jetpack_newsletter_access":"","_jetpack_dont_email_post_to_subs":false,"_jetpack_newsletter_tier_id":0,"_jetpack_memberships_contains_paywalled_content":false,"_jetpack_memberships_contains_paid_content":false,"footnotes":"","jetpack_publicize_message":"","jetpack_publicize_feature_enabled":true,"jetpack_social_post_already_shared":true,"jetpack_social_options":{"image_generator_settings":{"template":"highway","enabled":false},"version":2}},"categories":[44,43],"tags":[],"class_list":["post-707","post","type-post","status-publish","format-standard","has-post-thumbnail","hentry","category-mairie","category-vie-communale"],"jetpack_publicize_connections":[],"jetpack_featured_media_url":"https:\/\/i0.wp.com\/www.damgan-partage.fr\/gazette\/wp-content\/uploads\/2019\/03\/reucitdamgan.jpg?fit=1468%2C686&ssl=1","jetpack_sharing_enabled":true,"jetpack_shortlink":"https:\/\/wp.me\/p6m2Pb-bp","_links":{"self":[{"href":"https:\/\/www.damgan-partage.fr\/gazette\/index.php\/wp-json\/wp\/v2\/posts\/707","targetHints":{"allow":["GET"]}}],"collection":[{"href":"https:\/\/www.damgan-partage.fr\/gazette\/index.php\/wp-json\/wp\/v2\/posts"}],"about":[{"href":"https:\/\/www.damgan-partage.fr\/gazette\/index.php\/wp-json\/wp\/v2\/types\/post"}],"author":[{"embeddable":true,"href":"https:\/\/www.damgan-partage.fr\/gazette\/index.php\/wp-json\/wp\/v2\/users\/1"}],"replies":[{"embeddable":true,"href":"https:\/\/www.damgan-partage.fr\/gazette\/index.php\/wp-json\/wp\/v2\/comments?post=707"}],"version-history":[{"count":2,"href":"https:\/\/www.damgan-partage.fr\/gazette\/index.php\/wp-json\/wp\/v2\/posts\/707\/revisions"}],"predecessor-version":[{"id":711,"href":"https:\/\/www.damgan-partage.fr\/gazette\/index.php\/wp-json\/wp\/v2\/posts\/707\/revisions\/711"}],"wp:featuredmedia":[{"embeddable":true,"href":"https:\/\/www.damgan-partage.fr\/gazette\/index.php\/wp-json\/wp\/v2\/media\/709"}],"wp:attachment":[{"href":"https:\/\/www.damgan-partage.fr\/gazette\/index.php\/wp-json\/wp\/v2\/media?parent=707"}],"wp:term":[{"taxonomy":"category","embeddable":true,"href":"https:\/\/www.damgan-partage.fr\/gazette\/index.php\/wp-json\/wp\/v2\/categories?post=707"},{"taxonomy":"post_tag","embeddable":true,"href":"https:\/\/www.damgan-partage.fr\/gazette\/index.php\/wp-json\/wp\/v2\/tags?post=707"}],"curies":[{"name":"wp","href":"https:\/\/api.w.org\/{rel}","templated":true}]}}