{"id":394,"date":"2016-02-06T11:39:24","date_gmt":"2016-02-06T09:39:24","guid":{"rendered":"http:\/\/www.damgan-partage.fr\/gazette\/?p=394"},"modified":"2016-02-06T11:39:24","modified_gmt":"2016-02-06T09:39:24","slug":"coup-dur-pour-lecole-publique-de-damgan","status":"publish","type":"post","link":"https:\/\/www.damgan-partage.fr\/gazette\/index.php\/2016\/02\/06\/coup-dur-pour-lecole-publique-de-damgan\/","title":{"rendered":"Coup dur pour l&rsquo;\u00e9cole publique de Damgan"},"content":{"rendered":"<p>La nouvelle est tomb\u00e9e hier soir <a href=\"http:\/\/www.ecole-henri-matisse-damgan.fr\/site\/fermeture-dune-classe-a-la-rentree-de-septembre-2016\/\">sur le blog de l&rsquo;\u00e9cole Henri Matisse<\/a>: fermeture probable d&rsquo;une classe \u00e0 la rentr\u00e9e 2016 pour manque d&rsquo;effectifs.<\/p>\n<div class=\"entry-content\">\n<blockquote><p>La commission de la carte scolaire vient de rendre son verdict: l\u2019\u00e9cole Henri Matisse ferme donc une classe \u00e0 la rentr\u00e9e prochaine. Pour maintenir la troisi\u00e8me classe il faudrait 4 enfants de plus ( 52 \u00e9l\u00e8ves sont inscrits, il faudrait 56 \u00e9l\u00e8ves).<\/p>\n<p>La d\u00e9cision finale sera prise la semaine prochaine!<\/p>\n<p>Ludo<\/p><\/blockquote>\n<p>&nbsp;<\/p>\n<\/div>\n","protected":false},"excerpt":{"rendered":"<p>La nouvelle est tomb\u00e9e hier soir sur le blog de l&rsquo;\u00e9cole Henri Matisse: fermeture probable d&rsquo;une classe \u00e0 la rentr\u00e9e 2016 pour manque d&rsquo;effectifs. La commission de la carte scolaire vient de rendre son verdict: l\u2019\u00e9cole Henri Matisse ferme donc une classe \u00e0 la rentr\u00e9e prochaine. Pour maintenir la troisi\u00e8me classe il faudrait 4 enfants [&hellip;]<\/p>\n","protected":false},"author":1,"featured_media":395,"comment_status":"open","ping_status":"open","sticky":false,"template":"","format":"standard","meta":{"jetpack_post_was_ever_published":false,"_jetpack_newsletter_access":"","_jetpack_dont_email_post_to_subs":false,"_jetpack_newsletter_tier_id":0,"_jetpack_memberships_contains_paywalled_content":false,"_jetpack_memberships_contains_paid_content":false,"footnotes":"","jetpack_publicize_message":"","jetpack_publicize_feature_enabled":true,"jetpack_social_post_already_shared":true,"jetpack_social_options":{"image_generator_settings":{"template":"highway","enabled":false},"version":2}},"categories":[43],"tags":[50],"class_list":["post-394","post","type-post","status-publish","format-standard","has-post-thumbnail","hentry","category-vie-communale","tag-ecole"],"jetpack_publicize_connections":[],"jetpack_featured_media_url":"https:\/\/i0.wp.com\/www.damgan-partage.fr\/gazette\/wp-content\/uploads\/2016\/02\/ecolemenacee.jpg?fit=856%2C400&ssl=1","jetpack_sharing_enabled":true,"jetpack_shortlink":"https:\/\/wp.me\/p6m2Pb-6m","_links":{"self":[{"href":"https:\/\/www.damgan-partage.fr\/gazette\/index.php\/wp-json\/wp\/v2\/posts\/394","targetHints":{"allow":["GET"]}}],"collection":[{"href":"https:\/\/www.damgan-partage.fr\/gazette\/index.php\/wp-json\/wp\/v2\/posts"}],"about":[{"href":"https:\/\/www.damgan-partage.fr\/gazette\/index.php\/wp-json\/wp\/v2\/types\/post"}],"author":[{"embeddable":true,"href":"https:\/\/www.damgan-partage.fr\/gazette\/index.php\/wp-json\/wp\/v2\/users\/1"}],"replies":[{"embeddable":true,"href":"https:\/\/www.damgan-partage.fr\/gazette\/index.php\/wp-json\/wp\/v2\/comments?post=394"}],"version-history":[{"count":1,"href":"https:\/\/www.damgan-partage.fr\/gazette\/index.php\/wp-json\/wp\/v2\/posts\/394\/revisions"}],"predecessor-version":[{"id":396,"href":"https:\/\/www.damgan-partage.fr\/gazette\/index.php\/wp-json\/wp\/v2\/posts\/394\/revisions\/396"}],"wp:featuredmedia":[{"embeddable":true,"href":"https:\/\/www.damgan-partage.fr\/gazette\/index.php\/wp-json\/wp\/v2\/media\/395"}],"wp:attachment":[{"href":"https:\/\/www.damgan-partage.fr\/gazette\/index.php\/wp-json\/wp\/v2\/media?parent=394"}],"wp:term":[{"taxonomy":"category","embeddable":true,"href":"https:\/\/www.damgan-partage.fr\/gazette\/index.php\/wp-json\/wp\/v2\/categories?post=394"},{"taxonomy":"post_tag","embeddable":true,"href":"https:\/\/www.damgan-partage.fr\/gazette\/index.php\/wp-json\/wp\/v2\/tags?post=394"}],"curies":[{"name":"wp","href":"https:\/\/api.w.org\/{rel}","templated":true}]}}