{"id":371,"date":"2016-02-03T20:00:26","date_gmt":"2016-02-03T18:00:26","guid":{"rendered":"http:\/\/www.damgan-partage.fr\/gazette\/?p=371"},"modified":"2016-03-09T23:07:18","modified_gmt":"2016-03-09T21:07:18","slug":"des-nouvelles-de-perlucine","status":"publish","type":"post","link":"https:\/\/www.damgan-partage.fr\/gazette\/index.php\/2016\/02\/03\/des-nouvelles-de-perlucine\/","title":{"rendered":"Des nouvelles de Perlucine"},"content":{"rendered":"<p><em>Un message de Lydia Teisseire, Charg\u00e9e de d\u00e9veloppement pour l&rsquo;association Perlucine<\/em><\/p>\n<p>Bonjour \u00e0 tous,<\/p>\n<p>On m&rsquo;a fait remarquer \u00e0 juste titre que vous n&rsquo;aviez plus de nouvelles de l&rsquo;association Perlucine.<br \/>\nVous qui nous soutenez, vous qui avez adh\u00e9r\u00e9, vous qui nous suivez de loin avec int\u00e9r\u00eat.<\/p>\n<p>Alors pour vous tous, voil\u00e0 ou nous en sommes.<\/p>\n<p>Et pour ceux qui nous d\u00e9couvrent, vous trouverez en bas de cet article un dossier de pr\u00e9sentation de l&rsquo;association et autres documents&#8230;.<br \/>\nDossier de pr\u00e9sentation en perp\u00e9tuel mouvement, dans une \u00e9tude de faisabilit\u00e9 nous \u00e9tudions les 360 possibles.<\/p>\n<p>Fin d&rsquo;ann\u00e9e 2015 bouscul\u00e9e par les \u00e9v\u00e8nements.<br \/>\nD\u00e9but 2016 bouscul\u00e9e aussi par des directions \u00e0 prendre et maints rendez vous pour d\u00e9finir, \u00e9valuer nos actions et opter pour de bonnes strat\u00e9gies.<br \/>\nN&rsquo;oublions pas que l&rsquo;association, projet pilote en r\u00e9gion Bretagne, est toujours en \u00e9tude de faisabilit\u00e9 !<br \/>\nCette \u00e9tude nous la rendrons au mois de mars 2016 et cela d\u00e9finira si l&rsquo;association peut continuer \u00e0 exister et elle le doit au vu de l&rsquo;accueil que l&rsquo;on nous fait, et parce que Perlucine est une association qui se veut \u00eatre un projet social, environnemental, \u00e9conomique, local et citoyen.<br \/>\nPendant ce temps des partenariats se sont cr\u00e9\u00e9s dans les objectifs de l&rsquo;association et nous sommes optimistes, malgr\u00e9 quelques embuches.<br \/>\nMais de tout cela, je vous en parlerais plus tard.<\/p>\n<p>Le but de ce message \u00e9tant de r\u00e9pondre \u00e0 votre demande de nouvelles.<br \/>\nNous sommes toujours et plus que jamais pr\u00e9sents sur le territoire.<\/p>\n<p>Pour vous dire aussi qu&rsquo;au vu de la masse de travail que requiert une association en d\u00e9veloppement l\u2019adresse mail dont vous aviez l&rsquo;habitude est d\u00e9sormais d\u00e9di\u00e9e au travail de Pascal, charg\u00e9 d&rsquo;\u00e9tude.<br \/>\nJ&rsquo;ai cr\u00e9\u00e9 ma propre adresse mail afin d&rsquo;all\u00e9ger la pr\u00e9c\u00e9dente, lydia.perlucine@gmail.com est d\u00e9di\u00e9e nos \u00e9changes<\/p>\n<p>Je ne suis pas tr\u00e8s dou\u00e9e en informatique, je n&rsquo;ai jamais eu de page Facebook, mais <a href=\"https:\/\/www.facebook.com\/Perlucine-628556923953847\/?ref=hl\">j&rsquo;en ai cr\u00e9\u00e9e une<\/a>, vous y trouverez petit \u00e0 petit (soyez patients et indulgents envers moi) des informations sur notre travail, son d\u00e9roul\u00e9, ses actions et les \u00e9v\u00e8nements \u00e0 venir.<br \/>\nVous y d\u00e9couvrirez aussi nos partenaires et nos alli\u00e9s dans l&rsquo;id\u00e9e du \u00ab\u00a0faire ensemble\u00a0\u00bb .<\/p>\n<p>Je vous convie \u00e0 aller sur le lien de cette page Facebook, \u00e0 diffuser ce message autour de vous, dans vos r\u00e9seaux.<br \/>\nDe me solliciter si vous avez envie d&rsquo;en savoir plus ou de vous investir dans notre \u00e9quipe.<br \/>\nVos id\u00e9es et vos comp\u00e9tences sont les bienvenus.<br \/>\nForte de votre soutien, Perlucine n&rsquo;en sera que plus efficace et n&rsquo;aura que plus de poids.<br \/>\nJe vous promets une invitation prochaine pour \u00e9changer autour du projet Perlucine<\/p>\n<p>Perlucinement v\u00f4tre<\/p>\n<p>Lydia Teisseire<\/p>\n<p><a href=\"https:\/\/www.facebook.com\/Perlucine-628556923953847\/?ref=hl\">Page Facebook de l&rsquo;association<\/a><\/p>\n<p>Documents \u00e0 t\u00e9l\u00e9charger :<\/p>\n<ul>\n<li><a href=\"http:\/\/www.damgan-partage.fr\/gazette\/wp-content\/uploads\/2016\/02\/Dossier-Perlucine.pdf\">Dossier Perlucine<\/a> (PDF)<\/li>\n<li><a href=\"http:\/\/www.damgan-partage.fr\/gazette\/wp-content\/uploads\/2016\/02\/Flyer-Perlucine.pdf\">Flyer Perlucine<\/a> (PDF)<\/li>\n<li><a href=\"http:\/\/www.damgan-partage.fr\/gazette\/wp-content\/uploads\/2016\/02\/statuts-PERLUCINE.pdf\">statuts PERLUCINE<\/a> (PDF)<\/li>\n<li><a href=\"http:\/\/www.damgan-partage.fr\/gazette\/wp-content\/uploads\/2016\/02\/projetspilotes_economie_circulaire.pdf\">projets pilotes \u00e9conomie circulaire<\/a> (PDF)<\/li>\n<li><a href=\"http:\/\/www.damgan-partage.fr\/gazette\/wp-content\/uploads\/2016\/02\/bulletin-adh\u00e9sion.doc\">bulletin adh\u00e9sion<\/a> (Word)<\/li>\n<\/ul>\n","protected":false},"excerpt":{"rendered":"<p>Un message de Lydia Teisseire, Charg\u00e9e de d\u00e9veloppement pour l&rsquo;association Perlucine Bonjour \u00e0 tous, On m&rsquo;a fait remarquer \u00e0 juste titre que vous n&rsquo;aviez plus de nouvelles de l&rsquo;association Perlucine. Vous qui nous soutenez, vous qui avez adh\u00e9r\u00e9, vous qui nous suivez de loin avec int\u00e9r\u00eat. Alors pour vous tous, voil\u00e0 ou nous en sommes. [&hellip;]<\/p>\n","protected":false},"author":1,"featured_media":378,"comment_status":"open","ping_status":"open","sticky":false,"template":"","format":"standard","meta":{"jetpack_post_was_ever_published":false,"_jetpack_newsletter_access":"","_jetpack_dont_email_post_to_subs":false,"_jetpack_newsletter_tier_id":0,"_jetpack_memberships_contains_paywalled_content":false,"_jetpack_memberships_contains_paid_content":false,"footnotes":"","jetpack_publicize_message":"","jetpack_publicize_feature_enabled":true,"jetpack_social_post_already_shared":true,"jetpack_social_options":{"image_generator_settings":{"template":"highway","enabled":false},"version":2}},"categories":[48,2],"tags":[],"class_list":["post-371","post","type-post","status-publish","format-standard","has-post-thumbnail","hentry","category-perlucine","category-vie-associative"],"jetpack_publicize_connections":[],"jetpack_featured_media_url":"https:\/\/i0.wp.com\/www.damgan-partage.fr\/gazette\/wp-content\/uploads\/2016\/02\/perlucine-news.jpg?fit=630%2C350&ssl=1","jetpack_sharing_enabled":true,"jetpack_shortlink":"https:\/\/wp.me\/p6m2Pb-5Z","_links":{"self":[{"href":"https:\/\/www.damgan-partage.fr\/gazette\/index.php\/wp-json\/wp\/v2\/posts\/371","targetHints":{"allow":["GET"]}}],"collection":[{"href":"https:\/\/www.damgan-partage.fr\/gazette\/index.php\/wp-json\/wp\/v2\/posts"}],"about":[{"href":"https:\/\/www.damgan-partage.fr\/gazette\/index.php\/wp-json\/wp\/v2\/types\/post"}],"author":[{"embeddable":true,"href":"https:\/\/www.damgan-partage.fr\/gazette\/index.php\/wp-json\/wp\/v2\/users\/1"}],"replies":[{"embeddable":true,"href":"https:\/\/www.damgan-partage.fr\/gazette\/index.php\/wp-json\/wp\/v2\/comments?post=371"}],"version-history":[{"count":3,"href":"https:\/\/www.damgan-partage.fr\/gazette\/index.php\/wp-json\/wp\/v2\/posts\/371\/revisions"}],"predecessor-version":[{"id":430,"href":"https:\/\/www.damgan-partage.fr\/gazette\/index.php\/wp-json\/wp\/v2\/posts\/371\/revisions\/430"}],"wp:featuredmedia":[{"embeddable":true,"href":"https:\/\/www.damgan-partage.fr\/gazette\/index.php\/wp-json\/wp\/v2\/media\/378"}],"wp:attachment":[{"href":"https:\/\/www.damgan-partage.fr\/gazette\/index.php\/wp-json\/wp\/v2\/media?parent=371"}],"wp:term":[{"taxonomy":"category","embeddable":true,"href":"https:\/\/www.damgan-partage.fr\/gazette\/index.php\/wp-json\/wp\/v2\/categories?post=371"},{"taxonomy":"post_tag","embeddable":true,"href":"https:\/\/www.damgan-partage.fr\/gazette\/index.php\/wp-json\/wp\/v2\/tags?post=371"}],"curies":[{"name":"wp","href":"https:\/\/api.w.org\/{rel}","templated":true}]}}