{"id":340,"date":"2015-11-26T13:01:02","date_gmt":"2015-11-26T11:01:02","guid":{"rendered":"http:\/\/www.damgan-partage.fr\/gazette\/?p=340"},"modified":"2015-11-26T13:01:02","modified_gmt":"2015-11-26T11:01:02","slug":"mise-en-place-des-ateliers-perlucine","status":"publish","type":"post","link":"https:\/\/www.damgan-partage.fr\/gazette\/index.php\/2015\/11\/26\/mise-en-place-des-ateliers-perlucine\/","title":{"rendered":"Mise en place des ateliers Perlucine"},"content":{"rendered":"<p><em>Message de Lydia Teisseire, Charg\u00e9e de D\u00e9veloppement<\/em><\/p>\n<p>Bonjour \u00e0 toutes et tous,<\/p>\n<p>Les ateliers de Perlucine vont se mettre en place, mais pour l&rsquo;instant et dans l&rsquo;\u00e9volution de l&rsquo;association, la priorit\u00e9 est de s&rsquo;occuper de pr\u00e9parer le march\u00e9 de no\u00ebl de Damgan les 12 et 13 d\u00e9cembre prochains.<\/p>\n<p>Les ateliers que je propose pour l&rsquo;instant sont donc la participation \u00e0 cette pr\u00e9paration qui vous montrerons concr\u00e8tement ce que nous envisageons dans nos ateliers.<\/p>\n<p>Les ateliers pour cette pr\u00e9paration ne peuvent se faire en itin\u00e9rance \u00e0 cause du mat\u00e9riel et des mati\u00e8res.<br \/>\nEt, mon dos ne supporterait malheureusement pas en ce moment des ports de charges et des vas et vient<br \/>\nJe vous recevrais donc chez moi par groupe de 4 et en nombre illimit\u00e9 pour les collectes de coquillages.<br \/>\nVoici mes propositions d&rsquo;ateliers, leurs dates et horaires<\/p>\n<h4>Vendredi 27 : Collecte de coquillages de 10 \u00e0 12H et de 14 \u00e0 16H<\/h4>\n<p>Le but \u00e9tant de collecter des coquillages pour des cr\u00e9ations<br \/>\nLe matin :collecte pour l&rsquo;atelier bougie<br \/>\nL&rsquo;apr\u00e8s midi collecte pour l&rsquo;atelier bijou<br \/>\nMais les deux peuvent se m\u00e9langer &#8230;.<br \/>\nSi la m\u00e9t\u00e9o n&rsquo;est pas cl\u00e9mente, nous ferons un atelier cr\u00e9ation en remplacement.<br \/>\nRV table d&rsquo;orientation de Kervoyal<\/p>\n<h4>Lundi 30 : Atelier bijou de 10 \u00e0 12H et de 14 \u00e0 16H<\/h4>\n<p>Cr\u00e9ation de bijou en coquillages collect\u00e9s<\/p>\n<h4>Mardi 1 d\u00e9cembre : Atelier bougie de 14 \u00e0 16H<\/h4>\n<p>Cr\u00e9ation de bougies avec les coquillages collect\u00e9s<\/p>\n<h4>Mercredi 2 : Atelier cosm\u00e9tique de 10 \u00e0 12H et de 14 \u00e0 16H<\/h4>\n<p>Le but \u00e9tant de joliment conditionner les produits cosm\u00e9tiques de notre partenaire, \u00e0 base de coquilles d&rsquo;huitre.<\/p>\n<h4>Jeudi 3 : Atelier cosm\u00e9tique de 14 \u00e0 16H<\/h4>\n<h4>Vendredi 4 : Atelier bijou de 10 \u00e0 12H et de 14 \u00e0 16H<\/h4>\n<p>Au vu du nombre de personnes que je peux accueillir, merci de vous inscrire au pr\u00e9alable en me t\u00e9l\u00e9phonant au 06.95.74.39.23<\/p>\n<p>Pour les journ\u00e9es compl\u00e8tes en atelier, un repas partag\u00e9 peut \u00eatre envisag\u00e9.<\/p>\n<p>Outre votre aide pour pr\u00e9parer ce march\u00e9, y aurait il parmi vous des couturi\u00e8res qui pourrait faire un peu de travaux ou me pr\u00eater une machine \u00e0 coudre.\u00a0Il faudrait fabriquer des petits sacs \u00e0 bijoux. Je fourni tissus et fils !<\/p>\n<p>Et si vous avez encore des petites choses, rubans, paillettes, plumes&#8230;. ainsi que petits cadres et objets divers&#8230;. tout \u00e7a est toujours le bienvenu !<\/p>\n<p>Merci d&rsquo;avance pour votre pr\u00e9sence \u00e0 nos cot\u00e9s<\/p>\n<p>Je pr\u00e9pare le programme pour la semaine suivante.<\/p>\n<p>Et merci aussi de diffuser autour de vous<\/p>\n<p>Perlucinement votre<\/p>\n","protected":false},"excerpt":{"rendered":"<p>Message de Lydia Teisseire, Charg\u00e9e de D\u00e9veloppement Bonjour \u00e0 toutes et tous, Les ateliers de Perlucine vont se mettre en place, mais pour l&rsquo;instant et dans l&rsquo;\u00e9volution de l&rsquo;association, la priorit\u00e9 est de s&rsquo;occuper de pr\u00e9parer le march\u00e9 de no\u00ebl de Damgan les 12 et 13 d\u00e9cembre prochains. Les ateliers que je propose pour l&rsquo;instant [&hellip;]<\/p>\n","protected":false},"author":1,"featured_media":344,"comment_status":"open","ping_status":"open","sticky":false,"template":"","format":"standard","meta":{"jetpack_post_was_ever_published":false,"_jetpack_newsletter_access":"","_jetpack_dont_email_post_to_subs":false,"_jetpack_newsletter_tier_id":0,"_jetpack_memberships_contains_paywalled_content":false,"_jetpack_memberships_contains_paid_content":false,"footnotes":"","jetpack_publicize_message":"","jetpack_publicize_feature_enabled":true,"jetpack_social_post_already_shared":true,"jetpack_social_options":{"image_generator_settings":{"template":"highway","enabled":false},"version":2}},"categories":[48,2],"tags":[],"class_list":["post-340","post","type-post","status-publish","format-standard","has-post-thumbnail","hentry","category-perlucine","category-vie-associative"],"jetpack_publicize_connections":[],"jetpack_featured_media_url":"https:\/\/i0.wp.com\/www.damgan-partage.fr\/gazette\/wp-content\/uploads\/2015\/11\/perlucineflyer.jpg?fit=1157%2C818&ssl=1","jetpack_sharing_enabled":true,"jetpack_shortlink":"https:\/\/wp.me\/p6m2Pb-5u","_links":{"self":[{"href":"https:\/\/www.damgan-partage.fr\/gazette\/index.php\/wp-json\/wp\/v2\/posts\/340","targetHints":{"allow":["GET"]}}],"collection":[{"href":"https:\/\/www.damgan-partage.fr\/gazette\/index.php\/wp-json\/wp\/v2\/posts"}],"about":[{"href":"https:\/\/www.damgan-partage.fr\/gazette\/index.php\/wp-json\/wp\/v2\/types\/post"}],"author":[{"embeddable":true,"href":"https:\/\/www.damgan-partage.fr\/gazette\/index.php\/wp-json\/wp\/v2\/users\/1"}],"replies":[{"embeddable":true,"href":"https:\/\/www.damgan-partage.fr\/gazette\/index.php\/wp-json\/wp\/v2\/comments?post=340"}],"version-history":[{"count":3,"href":"https:\/\/www.damgan-partage.fr\/gazette\/index.php\/wp-json\/wp\/v2\/posts\/340\/revisions"}],"predecessor-version":[{"id":343,"href":"https:\/\/www.damgan-partage.fr\/gazette\/index.php\/wp-json\/wp\/v2\/posts\/340\/revisions\/343"}],"wp:featuredmedia":[{"embeddable":true,"href":"https:\/\/www.damgan-partage.fr\/gazette\/index.php\/wp-json\/wp\/v2\/media\/344"}],"wp:attachment":[{"href":"https:\/\/www.damgan-partage.fr\/gazette\/index.php\/wp-json\/wp\/v2\/media?parent=340"}],"wp:term":[{"taxonomy":"category","embeddable":true,"href":"https:\/\/www.damgan-partage.fr\/gazette\/index.php\/wp-json\/wp\/v2\/categories?post=340"},{"taxonomy":"post_tag","embeddable":true,"href":"https:\/\/www.damgan-partage.fr\/gazette\/index.php\/wp-json\/wp\/v2\/tags?post=340"}],"curies":[{"name":"wp","href":"https:\/\/api.w.org\/{rel}","templated":true}]}}